[{"@context":"https:\/\/schema.org\/","@type":"Article","@id":"https:\/\/www.sdpv.cz\/dokonale-spani-pro-nejmensi\/#Article","mainEntityOfPage":"https:\/\/www.sdpv.cz\/dokonale-spani-pro-nejmensi\/","headline":"Dokonal\u00e9 span\u00ed pro nejmen\u0161\u00ed","name":"Dokonal\u00e9 span\u00ed pro nejmen\u0161\u00ed","description":"Tak jako vy vyb\u00edr\u00e1te pe\u010dliv\u011b vybaven\u00ed va\u0161\u00ed lo\u017enice, stejn\u011b tak byste m\u011bli \u0159\u00e1dn\u011b vyb\u00edrat d\u011btskou postel. I p\u00e1te\u0159 va\u0161ich ratolest\u00ed si zaslou\u017e\u00ed \u0159\u00e1dnou oporu, aby se mohli d\u00e1l \u0159\u00e1dn\u011b vyv\u00edjet a netrp\u011bli \u017e\u00e1dn\u00fdmi bolestmi. Nav\u00edc neust\u00e1le n\u011bkde b\u011bhaj\u00ed a n\u011bco prov\u00e1d\u011bj\u00ed, tak\u017ee si zaslou\u017e\u00ed \u0159\u00e1dn\u00fd odpo\u010dinek. My v\u00e1m nab\u00edz\u00edme v\u0161elijak\u00e9 typy, jednol\u016f\u017ekov\u00e9 \u010di patrov\u00e9, s...","datePublished":"2025-04-15","dateModified":"2025-04-15","author":{"@type":"Person","@id":"https:\/\/www.sdpv.cz\/author\/devene\/#Person","name":"devene","url":"https:\/\/www.sdpv.cz\/author\/devene\/","identifier":1,"image":{"@type":"ImageObject","@id":"https:\/\/secure.gravatar.com\/avatar\/75822ebcb33f26a58f54da5d813b950f2ea435f36540e293975e215a51d4a023?s=96&d=mm&r=g","url":"https:\/\/secure.gravatar.com\/avatar\/75822ebcb33f26a58f54da5d813b950f2ea435f36540e293975e215a51d4a023?s=96&d=mm&r=g","height":96,"width":96}},"publisher":{"@type":"Organization","name":"sdpv.cz","logo":{"@type":"ImageObject","@id":"\/logo.png","url":"\/logo.png","width":600,"height":60}},"url":"https:\/\/www.sdpv.cz\/dokonale-spani-pro-nejmensi\/","wordCount":186,"articleBody":"Tak jako vy vyb\u00edr\u00e1te pe\u010dliv\u011b vybaven\u00ed va\u0161\u00ed lo\u017enice, stejn\u011b tak byste m\u011bli \u0159\u00e1dn\u011b vyb\u00edrat d\u011btskou postel. I p\u00e1te\u0159 va\u0161ich ratolest\u00ed si zaslou\u017e\u00ed \u0159\u00e1dnou oporu, aby se mohli d\u00e1l \u0159\u00e1dn\u011b vyv\u00edjet a netrp\u011bli \u017e\u00e1dn\u00fdmi bolestmi. Nav\u00edc neust\u00e1le n\u011bkde b\u011bhaj\u00ed a n\u011bco prov\u00e1d\u011bj\u00ed, tak\u017ee si zaslou\u017e\u00ed \u0159\u00e1dn\u00fd odpo\u010dinek. My v\u00e1m nab\u00edz\u00edme v\u0161elijak\u00e9 typy, jednol\u016f\u017ekov\u00e9 \u010di patrov\u00e9, s \u00falo\u017en\u00fdm prostorem a v r\u016fzn\u00fdch barevn\u00fdch proveden\u00edch. Zdrav\u00ed prosp\u011b\u0161n\u00e9 H\u00fd\u010dkejte sv\u00e9 d\u011bti nejen hra\u010dkami, ale i kvalitn\u00edm n\u00e1bytkem. My v\u00e1m nab\u00edz\u00edme kvalitn\u00ed d\u011btsk\u00e9 postele, kter\u00e9 jim poskytnou maxim\u00e1ln\u00ed komfort b\u011bhem jejich klidn\u00e9ho sp\u00e1nku. Pou\u017e\u00edv\u00e1me z\u00e1sadn\u011b kvalitn\u00ed materi\u00e1ly, tak\u017ee v\u00e1m budou slou\u017eit p\u011bknou \u0159\u00e1dku let. Je jen na v\u00e1s, zda si vyberete patrov\u00e9, jednol\u016f\u017ekov\u00e9, s \u00falo\u017en\u00fdm prostorem \u010di jin\u00fd typ. V\u0161echny jsou v r\u016fzn\u00fdch barevn\u00fdch proveden\u00edch.                                                                                                                                                                                                                                                                                                                                                                                         4\/5 - (1 vote)        "},{"@context":"https:\/\/schema.org\/","@type":"BreadcrumbList","itemListElement":[{"@type":"ListItem","position":1,"name":"Dokonal\u00e9 span\u00ed pro nejmen\u0161\u00ed","item":"https:\/\/www.sdpv.cz\/dokonale-spani-pro-nejmensi\/#breadcrumbitem"}]}]