[{"@context":"https:\/\/schema.org\/","@type":"Blog","@id":"https:\/\/www.sdpv.cz#Blog","headline":"Sdpv","description":"\nNev\u00edte, kde vz\u00edt pen\u00edze? Pak si je m\u016f\u017eete vyd\u011blat nebo p\u016fj\u010dit. Ale jestli si z tohoto zvol\u00edte p\u016fj\u010dku, ur\u010dit\u011b byste si ji m\u011bli vz\u00edt jen tehdy, kdy\u017e ji zvl\u00e1dnete.","url":"https:\/\/www.sdpv.cz","hasPart":[{"@type":"Article","@id":"https:\/\/www.sdpv.cz\/skutecne-umozni-proteinovy-napoj-hubnuti\/","headline":"Skute\u010dn\u011b umo\u017en\u00ed proteinov\u00fd n\u00e1poj hubnut\u00ed?","url":"https:\/\/www.sdpv.cz\/skutecne-umozni-proteinovy-napoj-hubnuti\/","datePublished":"2021-10-14","dateModified":"2023-05-05","mainEntityOfPage":"https:\/\/www.sdpv.cz\/skutecne-umozni-proteinovy-napoj-hubnuti\/","author":{"@type":"Person","@id":"https:\/\/www.sdpv.cz\/author\/devene\/#Person","name":"devene","url":"https:\/\/www.sdpv.cz\/author\/devene\/","identifier":1,"image":{"@type":"ImageObject","@id":"https:\/\/secure.gravatar.com\/avatar\/75822ebcb33f26a58f54da5d813b950f2ea435f36540e293975e215a51d4a023?s=96&d=mm&r=g","url":"https:\/\/secure.gravatar.com\/avatar\/75822ebcb33f26a58f54da5d813b950f2ea435f36540e293975e215a51d4a023?s=96&d=mm&r=g","height":96,"width":96}},"publisher":{"@type":"Organization","name":"sdpv.cz","logo":{"@type":"ImageObject","@id":"\/logo.png","url":"\/logo.png","width":600,"height":60}},"image":{"@type":"ImageObject","@id":"https:\/\/www.sdpv.cz\/wp-content\/uploads\/hubnuti1.jpg","url":"https:\/\/www.sdpv.cz\/wp-content\/uploads\/hubnuti1.jpg","height":0,"width":0},"wordCount":600,"keywords":null},{"@type":"Article","@id":"https:\/\/www.sdpv.cz\/sport-pro-vsechny\/","headline":"Sport pro v\u0161echny","url":"https:\/\/www.sdpv.cz\/sport-pro-vsechny\/","datePublished":"2021-09-22","dateModified":"2023-05-05","mainEntityOfPage":"https:\/\/www.sdpv.cz\/sport-pro-vsechny\/","author":{"@type":"Person","@id":"https:\/\/www.sdpv.cz\/author\/devene\/#Person","name":"devene","url":"https:\/\/www.sdpv.cz\/author\/devene\/","identifier":1,"image":{"@type":"ImageObject","@id":"https:\/\/secure.gravatar.com\/avatar\/75822ebcb33f26a58f54da5d813b950f2ea435f36540e293975e215a51d4a023?s=96&d=mm&r=g","url":"https:\/\/secure.gravatar.com\/avatar\/75822ebcb33f26a58f54da5d813b950f2ea435f36540e293975e215a51d4a023?s=96&d=mm&r=g","height":96,"width":96}},"publisher":{"@type":"Organization","name":"sdpv.cz","logo":{"@type":"ImageObject","@id":"\/logo.png","url":"\/logo.png","width":600,"height":60}},"image":{"@type":"ImageObject","@id":"https:\/\/sdpv.cz\/wp-content\/uploads\/yoga-6128116_960_720.jpg","url":"https:\/\/sdpv.cz\/wp-content\/uploads\/yoga-6128116_960_720.jpg","height":"","width":""},"wordCount":523,"keywords":null},{"@type":"Article","@id":"https:\/\/www.sdpv.cz\/uchvatna-dovolena-v-plzenskem-kraji\/","headline":"\u00dachvatn\u00e1 dovolen\u00e1 v Plze\u0148sk\u00e9m kraji","url":"https:\/\/www.sdpv.cz\/uchvatna-dovolena-v-plzenskem-kraji\/","datePublished":"2021-08-12","dateModified":"2023-05-05","mainEntityOfPage":"https:\/\/www.sdpv.cz\/uchvatna-dovolena-v-plzenskem-kraji\/","author":{"@type":"Person","@id":"https:\/\/www.sdpv.cz\/author\/devene\/#Person","name":"devene","url":"https:\/\/www.sdpv.cz\/author\/devene\/","identifier":1,"image":{"@type":"ImageObject","@id":"https:\/\/secure.gravatar.com\/avatar\/75822ebcb33f26a58f54da5d813b950f2ea435f36540e293975e215a51d4a023?s=96&d=mm&r=g","url":"https:\/\/secure.gravatar.com\/avatar\/75822ebcb33f26a58f54da5d813b950f2ea435f36540e293975e215a51d4a023?s=96&d=mm&r=g","height":96,"width":96}},"publisher":{"@type":"Organization","name":"sdpv.cz","logo":{"@type":"ImageObject","@id":"\/logo.png","url":"\/logo.png","width":600,"height":60}},"image":{"@type":"ImageObject","@id":"https:\/\/sdpv.cz\/wp-content\/uploads\/pexels-marcin-jozwiak-3190319.jpg","url":"https:\/\/sdpv.cz\/wp-content\/uploads\/pexels-marcin-jozwiak-3190319.jpg","height":"","width":""},"wordCount":605,"keywords":null},{"@type":"Article","@id":"https:\/\/www.sdpv.cz\/jak-se-postarat-o-mobil-z-druhe-ruky\/","headline":"Jak se postarat o mobil z druh\u00e9 ruky","url":"https:\/\/www.sdpv.cz\/jak-se-postarat-o-mobil-z-druhe-ruky\/","datePublished":"2021-07-29","dateModified":"2023-05-05","mainEntityOfPage":"https:\/\/www.sdpv.cz\/jak-se-postarat-o-mobil-z-druhe-ruky\/","author":{"@type":"Person","@id":"https:\/\/www.sdpv.cz\/author\/devene\/#Person","name":"devene","url":"https:\/\/www.sdpv.cz\/author\/devene\/","identifier":1,"image":{"@type":"ImageObject","@id":"https:\/\/secure.gravatar.com\/avatar\/75822ebcb33f26a58f54da5d813b950f2ea435f36540e293975e215a51d4a023?s=96&d=mm&r=g","url":"https:\/\/secure.gravatar.com\/avatar\/75822ebcb33f26a58f54da5d813b950f2ea435f36540e293975e215a51d4a023?s=96&d=mm&r=g","height":96,"width":96}},"publisher":{"@type":"Organization","name":"sdpv.cz","logo":{"@type":"ImageObject","@id":"\/logo.png","url":"\/logo.png","width":600,"height":60}},"image":{"@type":"ImageObject","@id":"https:\/\/sdpv.cz\/wp-content\/uploads\/mobil2_10_10_4.jpg","url":"https:\/\/sdpv.cz\/wp-content\/uploads\/mobil2_10_10_4.jpg","height":"","width":""},"wordCount":631,"keywords":null},{"@type":"Article","@id":"https:\/\/www.sdpv.cz\/klimatizacni-technika\/","headline":"Klimatiza\u010dn\u00ed technika","url":"https:\/\/www.sdpv.cz\/klimatizacni-technika\/","datePublished":"2021-07-29","dateModified":"2023-05-05","mainEntityOfPage":"https:\/\/www.sdpv.cz\/klimatizacni-technika\/","author":{"@type":"Person","@id":"https:\/\/www.sdpv.cz\/author\/devene\/#Person","name":"devene","url":"https:\/\/www.sdpv.cz\/author\/devene\/","identifier":1,"image":{"@type":"ImageObject","@id":"https:\/\/secure.gravatar.com\/avatar\/75822ebcb33f26a58f54da5d813b950f2ea435f36540e293975e215a51d4a023?s=96&d=mm&r=g","url":"https:\/\/secure.gravatar.com\/avatar\/75822ebcb33f26a58f54da5d813b950f2ea435f36540e293975e215a51d4a023?s=96&d=mm&r=g","height":96,"width":96}},"publisher":{"@type":"Organization","name":"sdpv.cz","logo":{"@type":"ImageObject","@id":"\/logo.png","url":"\/logo.png","width":600,"height":60}},"image":{"@type":"ImageObject","@id":"https:\/\/sdpv.cz\/wp-content\/uploads\/air-3601981_960_720_1.jpg","url":"https:\/\/sdpv.cz\/wp-content\/uploads\/air-3601981_960_720_1.jpg","height":"","width":""},"wordCount":595,"keywords":null},{"@type":"Article","@id":"https:\/\/www.sdpv.cz\/jak-vybrat-idealni-mobil-pro-seniory-na-co-je-nutne-se-poradne-zamerit\/","headline":"Jak vybrat ide\u00e1ln\u00ed mobil pro seniory? Na co je nutn\u00e9 se po\u0159\u00e1dn\u011b zam\u011b\u0159it?","url":"https:\/\/www.sdpv.cz\/jak-vybrat-idealni-mobil-pro-seniory-na-co-je-nutne-se-poradne-zamerit\/","datePublished":"2021-07-14","dateModified":"2023-05-05","mainEntityOfPage":"https:\/\/www.sdpv.cz\/jak-vybrat-idealni-mobil-pro-seniory-na-co-je-nutne-se-poradne-zamerit\/","author":{"@type":"Person","@id":"https:\/\/www.sdpv.cz\/author\/devene\/#Person","name":"devene","url":"https:\/\/www.sdpv.cz\/author\/devene\/","identifier":1,"image":{"@type":"ImageObject","@id":"https:\/\/secure.gravatar.com\/avatar\/75822ebcb33f26a58f54da5d813b950f2ea435f36540e293975e215a51d4a023?s=96&d=mm&r=g","url":"https:\/\/secure.gravatar.com\/avatar\/75822ebcb33f26a58f54da5d813b950f2ea435f36540e293975e215a51d4a023?s=96&d=mm&r=g","height":96,"width":96}},"publisher":{"@type":"Organization","name":"sdpv.cz","logo":{"@type":"ImageObject","@id":"\/logo.png","url":"\/logo.png","width":600,"height":60}},"image":{"@type":"ImageObject","@id":"https:\/\/sdpv.cz\/wp-content\/uploads\/pexels-photo-3779770.jpeg","url":"https:\/\/sdpv.cz\/wp-content\/uploads\/pexels-photo-3779770.jpeg","height":"","width":""},"wordCount":509,"keywords":null},{"@type":"Article","@id":"https:\/\/www.sdpv.cz\/zanety\/","headline":"Z\u00e1n\u011bty","url":"https:\/\/www.sdpv.cz\/zanety\/","datePublished":"2021-06-23","dateModified":"2023-05-05","mainEntityOfPage":"https:\/\/www.sdpv.cz\/zanety\/","author":{"@type":"Person","@id":"https:\/\/www.sdpv.cz\/author\/devene\/#Person","name":"devene","url":"https:\/\/www.sdpv.cz\/author\/devene\/","identifier":1,"image":{"@type":"ImageObject","@id":"https:\/\/secure.gravatar.com\/avatar\/75822ebcb33f26a58f54da5d813b950f2ea435f36540e293975e215a51d4a023?s=96&d=mm&r=g","url":"https:\/\/secure.gravatar.com\/avatar\/75822ebcb33f26a58f54da5d813b950f2ea435f36540e293975e215a51d4a023?s=96&d=mm&r=g","height":96,"width":96}},"publisher":{"@type":"Organization","name":"sdpv.cz","logo":{"@type":"ImageObject","@id":"\/logo.png","url":"\/logo.png","width":600,"height":60}},"image":{"@type":"ImageObject","@id":"https:\/\/sdpv.cz\/wp-content\/uploads\/doctor-g52d83d483_640.png","url":"https:\/\/sdpv.cz\/wp-content\/uploads\/doctor-g52d83d483_640.png","height":"","width":""},"wordCount":690,"keywords":null},{"@type":"Article","@id":"https:\/\/www.sdpv.cz\/jak-probiha-obchodovani-na-forexu\/","headline":"Jak prob\u00edh\u00e1 obchodov\u00e1n\u00ed na forexu","url":"https:\/\/www.sdpv.cz\/jak-probiha-obchodovani-na-forexu\/","datePublished":"2021-05-31","dateModified":"2023-05-05","mainEntityOfPage":"https:\/\/www.sdpv.cz\/jak-probiha-obchodovani-na-forexu\/","author":{"@type":"Person","@id":"https:\/\/www.sdpv.cz\/author\/devene\/#Person","name":"devene","url":"https:\/\/www.sdpv.cz\/author\/devene\/","identifier":1,"image":{"@type":"ImageObject","@id":"https:\/\/secure.gravatar.com\/avatar\/75822ebcb33f26a58f54da5d813b950f2ea435f36540e293975e215a51d4a023?s=96&d=mm&r=g","url":"https:\/\/secure.gravatar.com\/avatar\/75822ebcb33f26a58f54da5d813b950f2ea435f36540e293975e215a51d4a023?s=96&d=mm&r=g","height":96,"width":96}},"publisher":{"@type":"Organization","name":"sdpv.cz","logo":{"@type":"ImageObject","@id":"\/logo.png","url":"\/logo.png","width":600,"height":60}},"image":{"@type":"ImageObject","@id":"https:\/\/sdpv.cz\/wp-content\/uploads\/burza3_6.png","url":"https:\/\/sdpv.cz\/wp-content\/uploads\/burza3_6.png","height":"","width":""},"wordCount":699,"keywords":null},{"@type":"Article","@id":"https:\/\/www.sdpv.cz\/jake-mame-dukazy-pro-evoluci\/","headline":"Jak\u00e9 m\u00e1me d\u016fkazy pro evoluci","url":"https:\/\/www.sdpv.cz\/jake-mame-dukazy-pro-evoluci\/","datePublished":"2021-05-19","dateModified":"2023-05-05","mainEntityOfPage":"https:\/\/www.sdpv.cz\/jake-mame-dukazy-pro-evoluci\/","author":{"@type":"Person","@id":"https:\/\/www.sdpv.cz\/author\/devene\/#Person","name":"devene","url":"https:\/\/www.sdpv.cz\/author\/devene\/","identifier":1,"image":{"@type":"ImageObject","@id":"https:\/\/secure.gravatar.com\/avatar\/75822ebcb33f26a58f54da5d813b950f2ea435f36540e293975e215a51d4a023?s=96&d=mm&r=g","url":"https:\/\/secure.gravatar.com\/avatar\/75822ebcb33f26a58f54da5d813b950f2ea435f36540e293975e215a51d4a023?s=96&d=mm&r=g","height":96,"width":96}},"publisher":{"@type":"Organization","name":"sdpv.cz","logo":{"@type":"ImageObject","@id":"\/logo.png","url":"\/logo.png","width":600,"height":60}},"image":{"@type":"ImageObject","@id":"https:\/\/sdpv.cz\/wp-content\/uploads\/evoluce1.jpg","url":"https:\/\/sdpv.cz\/wp-content\/uploads\/evoluce1.jpg","height":"","width":""},"wordCount":665,"keywords":null},{"@type":"Article","@id":"https:\/\/www.sdpv.cz\/jen-kartacek-nestaci-aneb-jak-se-postarat-spravne-o-celou-dutinu-ustni\/","headline":"Jen kart\u00e1\u010dek nesta\u010d\u00ed aneb Jak se postarat spr\u00e1vn\u011b o celou dutinu \u00fastn\u00ed?","url":"https:\/\/www.sdpv.cz\/jen-kartacek-nestaci-aneb-jak-se-postarat-spravne-o-celou-dutinu-ustni\/","datePublished":"2021-05-14","dateModified":"2023-08-23","mainEntityOfPage":"https:\/\/www.sdpv.cz\/jen-kartacek-nestaci-aneb-jak-se-postarat-spravne-o-celou-dutinu-ustni\/","author":{"@type":"Person","@id":"https:\/\/www.sdpv.cz\/author\/devene\/#Person","name":"devene","url":"https:\/\/www.sdpv.cz\/author\/devene\/","identifier":1,"image":{"@type":"ImageObject","@id":"https:\/\/secure.gravatar.com\/avatar\/75822ebcb33f26a58f54da5d813b950f2ea435f36540e293975e215a51d4a023?s=96&d=mm&r=g","url":"https:\/\/secure.gravatar.com\/avatar\/75822ebcb33f26a58f54da5d813b950f2ea435f36540e293975e215a51d4a023?s=96&d=mm&r=g","height":96,"width":96}},"publisher":{"@type":"Organization","name":"sdpv.cz","logo":{"@type":"ImageObject","@id":"\/logo.png","url":"\/logo.png","width":600,"height":60}},"image":{"@type":"ImageObject","@id":"https:\/\/www.sdpv.cz\/wp-content\/uploads\/pexels-photo-6187584.jpeg","url":"https:\/\/www.sdpv.cz\/wp-content\/uploads\/pexels-photo-6187584.jpeg","height":0,"width":0},"wordCount":706,"keywords":null}]},{"@context":"https:\/\/schema.org","@type":"WebSite","@id":"https:\/\/www.sdpv.cz\/#website","name":"Sdpv","url":"https:\/\/www.sdpv.cz","potentialAction":{"@type":"SearchAction","target":"https:\/\/www.sdpv.cz\/?s={search_term_string}","query-input":"required name=search_term_string"}}]