[{"@context":"https:\/\/schema.org\/","@type":"Article","@id":"https:\/\/www.sdpv.cz\/vyvoj-telefonu\/#Article","mainEntityOfPage":"https:\/\/www.sdpv.cz\/vyvoj-telefonu\/","headline":"V\u00fdvoj telefonu","name":"V\u00fdvoj telefonu","description":"Ka\u017ed\u00fd nov\u00fd vyn\u00e1lez se nejprve mus\u00ed po\u0159\u00e1dn\u011b vyzkou\u0161et p\u0159ed t\u00edm, ne\u017e se za\u010dne pln\u011b vyu\u017e\u00edvat lidmi a ne\u017e se mezi lidmi roz\u0161\u00ed\u0159\u00ed. Lid\u00e9 nov\u00fdm vyn\u00e1lez\u016fm nav\u00edc ani tolik nev\u011b\u0159\u00ed, tak\u017ee zeza\u010d\u00e1tku se m\u016f\u017ee zd\u00e1t, \u017ee vyn\u00e1lez t\u0159eba ani nedos\u00e1hne \u00fasp\u011bchu, se kter\u00fdm vyn\u00e1lezce po\u010d\u00edtal. To se st\u00e1t samoz\u0159ejm\u011b m\u016f\u017ee, ale je t\u0159eba celkov\u011b d\u00e1t prostor...","datePublished":"2022-01-12","dateModified":"2023-05-05","author":{"@type":"Person","@id":"https:\/\/www.sdpv.cz\/author\/devene\/#Person","name":"devene","url":"https:\/\/www.sdpv.cz\/author\/devene\/","identifier":1,"image":{"@type":"ImageObject","@id":"https:\/\/secure.gravatar.com\/avatar\/75822ebcb33f26a58f54da5d813b950f2ea435f36540e293975e215a51d4a023?s=96&d=mm&r=g","url":"https:\/\/secure.gravatar.com\/avatar\/75822ebcb33f26a58f54da5d813b950f2ea435f36540e293975e215a51d4a023?s=96&d=mm&r=g","height":96,"width":96}},"publisher":{"@type":"Organization","name":"sdpv.cz","logo":{"@type":"ImageObject","@id":"\/logo.png","url":"\/logo.png","width":600,"height":60}},"image":{"@type":"ImageObject","@id":"https:\/\/sdpv.cz\/wp-content\/uploads\/smartphone-gbcbf5ef5f_640_1.jpg","url":"https:\/\/sdpv.cz\/wp-content\/uploads\/smartphone-gbcbf5ef5f_640_1.jpg","height":"","width":""},"url":"https:\/\/www.sdpv.cz\/vyvoj-telefonu\/","about":["Neza\u0159azen\u00e9"],"wordCount":470,"articleBody":"Ka\u017ed\u00fd nov\u00fd vyn\u00e1lez se nejprve mus\u00ed po\u0159\u00e1dn\u011b vyzkou\u0161et p\u0159ed t\u00edm, ne\u017e se za\u010dne pln\u011b vyu\u017e\u00edvat lidmi a ne\u017e se mezi lidmi roz\u0161\u00ed\u0159\u00ed. Lid\u00e9 nov\u00fdm vyn\u00e1lez\u016fm nav\u00edc ani tolik nev\u011b\u0159\u00ed, tak\u017ee zeza\u010d\u00e1tku se m\u016f\u017ee zd\u00e1t, \u017ee vyn\u00e1lez t\u0159eba ani nedos\u00e1hne \u00fasp\u011bchu, se kter\u00fdm vyn\u00e1lezce po\u010d\u00edtal. To se st\u00e1t samoz\u0159ejm\u011b m\u016f\u017ee, ale je t\u0159eba celkov\u011b d\u00e1t prostor tomu, aby se vyn\u00e1lez mezi lidmi roz\u0161\u00ed\u0159il, proto\u017ee v\u011bt\u0161inou se tak pr\u00e1v\u011b stane. V\u00fdjimkou nen\u00ed nic, a pokud se jedn\u00e1 opravdu o dobr\u00fd vyn\u00e1lez, kter\u00fd je chytr\u00fd a umo\u017en\u00ed lidem u\u0161et\u0159it \u010das a t\u0159eba i pen\u00edze, v\u011bt\u0161inou se opravdu dostane mezi lidi a pak vyn\u00e1lezce m\u016f\u017ee slavit \u00fasp\u011bch a pen\u00edze a\u017e do konce \u017eivota. Mus\u00ed to b\u00fdt opravdu v\u00fdborn\u00fd pocit, kdy\u017e vynaleznete n\u011bco, co sklid\u00ed obrovsk\u00fd \u00fasp\u011bch. Av\u0161ak k\u00a0t\u011bmto lidem se to dostane a\u017e t\u0159eba o sto let pozd\u011bji, tak\u017ee se to k\u00a0nim ani nedostane, proto\u017ee za takovou dobu u\u017e nejsou na sv\u011bt\u011b mezi n\u00e1mi. I tak jim pat\u0159\u00ed obrovsk\u00fd d\u00edk od lid\u00ed, proto\u017ee neb\u00fdt v\u0161ech vyn\u00e1lez\u016f, tak u\u017e tu t\u0159eba ani nejsme. Proto\u017ee v\u0161echny vyn\u00e1lezy n\u00e1m nesm\u00edrn\u011b u\u0161et\u0159ily \u010das a pr\u00e1ci, tak\u017ee n\u00e1m pom\u00e1haj\u00ed a nen\u00ed na nich nic \u0161patn\u00e9ho.Hodn\u011b lid\u00ed m\u016f\u017ee vid\u011bt telefon jako hrozbu pro lidstvo a jako vym\u00fdva\u010d mozk\u016f, tak to ale nen\u00ed. To, \u017ee telefony pou\u017e\u00edv\u00e1me tak \u010dasto p\u0159eci neznamen\u00e1, \u017ee m\u00e1me vygumovan\u00e9 mozky. Je to akor\u00e1t d\u016fkaz toho, \u017ee u\u017e se bez nich neobejdeme a je to zkr\u00e1tka sou\u010d\u00e1st na\u0161ich \u017eivot\u016f, tak jak se stala p\u0159ed n\u011bkolika lety elekt\u0159ina. Akor\u00e1t s\u00a0elekt\u0159inou je to jinak, proto\u017ee ta u\u017e je tu dlouho a lid\u00e9 si zvykli na to, \u017ee ji zkr\u00e1tka pot\u0159ebujeme. A s\u00a0mobilem to bude \u00fapln\u011b to sam\u00e9, jen to chce \u010das. Jsou tu toti\u017e je\u0161t\u011b generace, kter\u00e9 maj\u00ed telefon st\u00e1le za v\u011bc, kterou nepot\u0159ebuj\u00ed, ale a\u017e tu tyto generace nebudou, zm\u011bn\u00ed se cel\u00e9 my\u0161len\u00ed a pohled na mobily.\u00a0Mobily jsou n\u011bco, bez \u010deho nem\u016f\u017eeme u\u017e ani \u017e\u00edt, proto\u017ee d\u00edky nim si t\u0159eba i p\u0159ivol\u00e1me pomoc. D\u00edky nim m\u016f\u017eeme kdykoliv n\u011bkomu zavolat a spojit se s\u00a0n\u00edm. Ten, kdo nem\u00e1 mobil asi nepat\u0159\u00ed mezi norm\u00e1ln\u00ed lidi, proto\u017ee bez mobilu u\u017e \u017e\u00edt nejde, v\u0161ichni ho pou\u017e\u00edvaj\u00ed.                                                                                                                                                                                                                                                                                                                                                                                        4.6\/5 - (11 votes)        "},{"@context":"https:\/\/schema.org\/","@type":"BreadcrumbList","itemListElement":[{"@type":"ListItem","position":1,"name":"V\u00fdvoj telefonu","item":"https:\/\/www.sdpv.cz\/vyvoj-telefonu\/#breadcrumbitem"}]}]