[{"@context":"https:\/\/schema.org\/","@type":"Article","@id":"https:\/\/www.sdpv.cz\/ztraceny-mobil\/#Article","mainEntityOfPage":"https:\/\/www.sdpv.cz\/ztraceny-mobil\/","headline":"ztracen\u00fd mobil","name":"ztracen\u00fd mobil","description":"Nikdy bych netu\u0161ila, \u017ee budu n\u011bkdy \u0159e\u0161it ztracen\u00fd nebo ukraden\u00fd mobiln\u00ed telefon. A mus\u00edm v\u00e1m \u0159\u00edct, \u017ee je to opravdu nesnesiteln\u00e1 situace. P\u0159edstavte si, \u017ee sp\u011bch\u00e1te do pr\u00e1ce a rozbije se v\u00e1m auto. V\u016fbec v\u00e1m to nejde prost\u011b nastartovat. Opravdu jsem dlouho p\u0159em\u00fd\u0161lela, pro\u010d se to mohlo st\u00e1t zrovna m\u011b. Byla jsem na\u0161tvan\u00e1, \u017ee mo\u017en\u00e1...","datePublished":"2021-11-25","dateModified":"2023-05-05","author":{"@type":"Person","@id":"https:\/\/www.sdpv.cz\/author\/devene\/#Person","name":"devene","url":"https:\/\/www.sdpv.cz\/author\/devene\/","identifier":1,"image":{"@type":"ImageObject","@id":"https:\/\/secure.gravatar.com\/avatar\/75822ebcb33f26a58f54da5d813b950f2ea435f36540e293975e215a51d4a023?s=96&d=mm&r=g","url":"https:\/\/secure.gravatar.com\/avatar\/75822ebcb33f26a58f54da5d813b950f2ea435f36540e293975e215a51d4a023?s=96&d=mm&r=g","height":96,"width":96}},"publisher":{"@type":"Organization","name":"sdpv.cz","logo":{"@type":"ImageObject","@id":"\/logo.png","url":"\/logo.png","width":600,"height":60}},"image":{"@type":"ImageObject","@id":"https:\/\/sdpv.cz\/wp-content\/uploads\/telephone-586268_960_720_5.jpg","url":"https:\/\/sdpv.cz\/wp-content\/uploads\/telephone-586268_960_720_5.jpg","height":"","width":""},"url":"https:\/\/www.sdpv.cz\/ztraceny-mobil\/","about":["Neza\u0159azen\u00e9"],"wordCount":407,"articleBody":"Nikdy bych netu\u0161ila, \u017ee budu n\u011bkdy \u0159e\u0161it ztracen\u00fd nebo ukraden\u00fd mobiln\u00ed telefon. A mus\u00edm v\u00e1m \u0159\u00edct, \u017ee je to opravdu nesnesiteln\u00e1 situace. P\u0159edstavte si, \u017ee sp\u011bch\u00e1te do pr\u00e1ce a rozbije se v\u00e1m auto. V\u016fbec v\u00e1m to nejde prost\u011b nastartovat. Opravdu jsem dlouho p\u0159em\u00fd\u0161lela, pro\u010d se to mohlo st\u00e1t zrovna m\u011b. Byla jsem na\u0161tvan\u00e1, \u017ee mo\u017en\u00e1 p\u0159\u00edtel n\u011bco s t\u00edm autem ud\u011blal a v\u016fbec mi nedala o tom v\u011bd\u011bt. Kv\u016fli tomu jsem\u00a0tedy\u00a0rychle musela popadnout mobiln\u00ed telefon a zavolat mu. Jenom\u017ee on mi telefon v\u016fbec nebral. Mo\u017en\u00e1 to asi ud\u011blal schv\u00e1ln\u011b, proto\u017ee asi v\u011bd\u011bl, pro\u010d mu vol\u00e1m, tak\u017ee jsem rychle cht\u011bla zavolat taxi. Jenom\u017ee v tax\u00edku mi \u0159ekli, \u017ee budu m\u00edt zpo\u017ed\u011bn\u00ed, \u017ee maj\u00ed toho hodn\u011b. Tak\u017ee jsem na posledn\u00ed chv\u00edli ut\u00edkala na autobus. Na\u0161t\u011bst\u00ed autobus jsem stihla, tak\u017ee jsem alespo\u0148 byla r\u00e1da, \u017ee n\u011bco se mi po r\u00e1nu poda\u0159ilo. A pak, kdy\u017e jsem vystupovala z autobusu, v\u0161imla jsem si, \u017ee nem\u00e1m u sebe mobiln\u00ed telefon. Co te\u010f? A ne\u017e jsme se\u00a0vzpamatovala, tak bohu\u017eel autobus u\u017e odjel. Vid\u011bla jsem pouze jeho autobusov\u00fd zadek. Mobiln\u00ed telefon byl je\u0161t\u011b v autobusu.Byla jsem v \u0161oku, proto\u017ee autobusem jsem jela asi p\u0159ed \u0161esti lety naposledy, tak\u017ee jsem absolutn\u011b nev\u011bd\u011bla, co m\u00e1m d\u011blat. A byla jsem v krizi. Rychle jsem cht\u011bla n\u011bkomu zavolat, ale jak? J\u00e1 jsem vlastn\u011b nem\u011bla mobil! Byla jsem v \u0161oku, tak\u017ee jsem musela j\u00edt na policii, kde jsem jim v\u0161echno vysv\u011btlila. Byla jsem nakonec r\u00e1da, \u017ee za dva dny jsem m\u011bla mobiln\u00ed telefon doma, proto\u017ee n\u011bjak\u00e1 dobr\u00e1 du\u0161e v autobuse mobil dala \u0159idi\u010de, kter\u00fd ho potom odevzdal. Byla jsem r\u00e1da, \u017ee jsou je\u0161t\u011b skv\u011bl\u00ed lid\u00e9, \u017ee existuj\u00ed a \u017ee ztracen\u00e9 v\u011bci, v m\u00e9m p\u0159\u00edpad\u011b mobil, vracej\u00ed. A v\u00e1m se\u00a0n\u011bkdy\u00a0stalo, \u017ee jste ztratili\u00a0mobiln\u00ed\u00a0telefon? V\u00edte, d\u0159\u00edve se to st\u00e1valo asi b\u011b\u017en\u011b,\u00a0proto\u017ee jsme na n\u011bj nebyli zvykl\u00ed. Ale v\u011b\u0159te mi, \u017ee u\u017e si na mobil d\u00e1v\u00e1m opravdu velk\u00fd pozor.\u00a0                                                                                                                                                                                                                                                                                                                                                                                        3.5\/5 - (6 votes)        "},{"@context":"https:\/\/schema.org\/","@type":"BreadcrumbList","itemListElement":[{"@type":"ListItem","position":1,"name":"ztracen\u00fd mobil","item":"https:\/\/www.sdpv.cz\/ztraceny-mobil\/#breadcrumbitem"}]}]